{"id":1323,"date":"2021-05-20T18:53:18","date_gmt":"2021-05-20T18:53:18","guid":{"rendered":"http:\/\/interculturalidadeinfancias.com.ar\/?p=1323"},"modified":"2021-09-24T17:59:43","modified_gmt":"2021-09-24T17:59:43","slug":"que-significa-curar-las-imagenes-de-la-vida-cotidiana","status":"publish","type":"post","link":"https:\/\/interculturalidadeinfancias.com.ar\/?p=1323","title":{"rendered":"\u00bfQue significa curar las im\u00e1genes de la vida cotidiana?"},"content":{"rendered":"\t\t<div data-elementor-type=\"wp-post\" data-elementor-id=\"1323\" class=\"elementor elementor-1323\">\n\t\t\t\t\t\t<div class=\"elementor-inner\">\n\t\t\t\t<div class=\"elementor-section-wrap\">\n\t\t\t\t\t\t\t\t\t<section class=\"elementor-section elementor-top-section elementor-element elementor-element-d53a0cd elementor-section-boxed elementor-section-height-default elementor-section-height-default\" data-id=\"d53a0cd\" data-element_type=\"section\">\n\t\t\t\t\t\t<div class=\"elementor-container elementor-column-gap-default\">\n\t\t\t\t\t\t\t<div class=\"elementor-row\">\n\t\t\t\t\t<div class=\"aux-parallax-section elementor-column elementor-col-100 elementor-top-column elementor-element elementor-element-4598833\" data-id=\"4598833\" data-element_type=\"column\">\n\t\t\t<div class=\"elementor-column-wrap elementor-element-populated\">\n\t\t\t\t\t\t\t<div class=\"elementor-widget-wrap\">\n\t\t\t\t\t\t<div class=\"elementor-element elementor-element-1838204 elementor-widget elementor-widget-heading\" data-id=\"1838204\" data-element_type=\"widget\" data-widget_type=\"heading.default\">\n\t\t\t\t<div class=\"elementor-widget-container\">\n\t\t\t<h2 class=\"elementor-heading-title elementor-size-default\">Autor\u00eda: Paola Fontana<\/h2>\t\t<\/div>\n\t\t\t\t<\/div>\n\t\t\t\t<div class=\"elementor-element elementor-element-3212fd9 elementor-widget-divider--view-line elementor-widget elementor-widget-divider\" data-id=\"3212fd9\" data-element_type=\"widget\" data-widget_type=\"divider.default\">\n\t\t\t\t<div class=\"elementor-widget-container\">\n\t\t\t\t\t<div class=\"elementor-divider\">\n\t\t\t<span class=\"elementor-divider-separator\">\n\t\t\t\t\t\t<\/span>\n\t\t<\/div>\n\t\t\t\t<\/div>\n\t\t\t\t<\/div>\n\t\t\t\t\t\t<\/div>\n\t\t\t\t\t<\/div>\n\t\t<\/div>\n\t\t\t\t\t\t\t\t<\/div>\n\t\t\t\t\t<\/div>\n\t\t<\/section>\n\t\t\t\t<section class=\"elementor-section elementor-top-section elementor-element elementor-element-8f2577e elementor-section-boxed elementor-section-height-default elementor-section-height-default\" data-id=\"8f2577e\" data-element_type=\"section\">\n\t\t\t\t\t\t<div class=\"elementor-container elementor-column-gap-default\">\n\t\t\t\t\t\t\t<div class=\"elementor-row\">\n\t\t\t\t\t<div class=\"aux-parallax-section elementor-column elementor-col-100 elementor-top-column elementor-element elementor-element-cb23248\" data-id=\"cb23248\" data-element_type=\"column\">\n\t\t\t<div class=\"elementor-column-wrap elementor-element-populated\">\n\t\t\t\t\t\t\t<div class=\"elementor-widget-wrap\">\n\t\t\t\t\t\t<div class=\"elementor-element elementor-element-1f1f205 elementor-widget elementor-widget-text-editor\" data-id=\"1f1f205\" data-element_type=\"widget\" data-widget_type=\"text-editor.default\">\n\t\t\t\t<div class=\"elementor-widget-container\">\n\t\t\t\t\t\t\t\t<div class=\"elementor-text-editor elementor-clearfix\">\n\t\t\t\t<h4>Queremos indagar en las im\u00e1genes que nos abren preguntas, que nos animan al riesgo de mover lo confirmado que nos rige, presupuestos, prejuicios, modos de hacer v\u00ednculo entre adultxs y ni\u00f1xs. Curando nos proponemos, ensayar formas para oradar piedras visuales, respirar la inestabilidad presente en cada mirada, ver que abrigo \u201cestacional\u201d viste a ciertas im\u00e1genes, provocar conversaciones desde\/entre ellas.<\/h4>\t\t\t\t\t<\/div>\n\t\t\t\t\t\t<\/div>\n\t\t\t\t<\/div>\n\t\t\t\t<div class=\"elementor-element elementor-element-5f8494f elementor-widget elementor-widget-spacer\" data-id=\"5f8494f\" data-element_type=\"widget\" data-widget_type=\"spacer.default\">\n\t\t\t\t<div class=\"elementor-widget-container\">\n\t\t\t\t\t<div class=\"elementor-spacer\">\n\t\t\t<div class=\"elementor-spacer-inner\"><\/div>\n\t\t<\/div>\n\t\t\t\t<\/div>\n\t\t\t\t<\/div>\n\t\t\t\t\t\t<\/div>\n\t\t\t\t\t<\/div>\n\t\t<\/div>\n\t\t\t\t\t\t\t\t<\/div>\n\t\t\t\t\t<\/div>\n\t\t<\/section>\n\t\t\t\t<section class=\"elementor-section elementor-top-section elementor-element elementor-element-0de70dc elementor-section-boxed elementor-section-height-default elementor-section-height-default\" data-id=\"0de70dc\" data-element_type=\"section\">\n\t\t\t\t\t\t<div class=\"elementor-container elementor-column-gap-default\">\n\t\t\t\t\t\t\t<div class=\"elementor-row\">\n\t\t\t\t\t<div class=\"aux-parallax-section elementor-column elementor-col-100 elementor-top-column elementor-element elementor-element-cdbbe38\" data-id=\"cdbbe38\" data-element_type=\"column\">\n\t\t\t<div class=\"elementor-column-wrap elementor-element-populated\">\n\t\t\t\t\t\t\t<div class=\"elementor-widget-wrap\">\n\t\t\t\t\t\t<div class=\"elementor-element elementor-element-ba8adef elementor-widget elementor-widget-text-editor\" data-id=\"ba8adef\" data-element_type=\"widget\" data-widget_type=\"text-editor.default\">\n\t\t\t\t<div class=\"elementor-widget-container\">\n\t\t\t\t\t\t\t\t<div class=\"elementor-text-editor elementor-clearfix\">\n\t\t\t\t<p>Nos hallamos arraigadxs a lo que vemos mientras transitamos el mundo que nos rodea. Atravesadxs por im\u00e1genes y sistemas medi\u00e1ticos a lo largo de cada d\u00eda. Las formas y mecanismos de los artefactos en los que se presentan las im\u00e1genes que consumimos y producimos interfieren en nuestras vidas, tanto con intenciones espec\u00edficas como en otras direcciones alternativas que se arman y armamos en ellas. El \u00f3rgano de la visi\u00f3n organiza su ingreso t\u00e9cnico al cuerpo, aunque mediado por dispositivos a los que cada vez estamos m\u00e1s conectadxs. Las im\u00e1genes son emocionalmente complejas en <em>su interior<\/em>. Las Interpretamos\/incorporamos entre saberes, informaciones y sentimientos, y entonces bajo esas influencias vamos tomando un conjunto de decisiones que inciden construyendo nuestros senderos vitales.<\/p><p>Queremos indagar en las im\u00e1genes que nos abren preguntas, que nos animan al riesgo de mover lo confirmado que nos rige, presupuestos, prejuicios, modos de hacer v\u00ednculo entre adultxs y ni\u00f1xs. Curando nos proponemos, ensayar formas para oradar piedras visuales, respirar la inestabilidad presente en cada mirada, ver que abrigo \u201cestacional\u201d viste a ciertas im\u00e1genes, provocar conversaciones desde\/entre ellas. En sus motivos, ansiedades, efectos, movimientos y malestares pero tambi\u00e9n en sus posibilidades abiertas, expansivas, nutritivas, din\u00e1micas. En lo que habilitan, los gestos que rescatan, sus tiempos insertos o la poes\u00eda que se desenvuelve ah\u00ed.<\/p><p>Entonces, curar im\u00e1genes supone confiar y arriesgarse a indagar en lo que proponen para construir di\u00e1logos visuales entre ellas que las desarmen, interroguen, estiren, imaginen en relaci\u00f3n. Para activar relaciones \u201cimposibles\u201d, en recetas siempre optativas, en indicios para explorar otras v\u00edas vitales de estar bien, de sentirse plenxs. Como la consciencia de decidir y comprender que somos agentes de transformaci\u00f3n de nuestras vidas. Y desde all\u00ed fortalecer a ese estado de ni\u00f1e que somos -como ha mencionado Gabriel Silva de C\u00edrculo Remolino en conversaci\u00f3n con IEI- y tambi\u00e9n a las infancias que acompa\u00f1amos.<\/p><p>Del <em>ver viendo<\/em> llegar al hacer y si bien, como dec\u00eda Lacan, <em>toda comunicaci\u00f3n es un malentendido<\/em>, elegir intentar, leer sin palabras y sentir: lo visible que vive en cada imagen habilita, inhibe, alimenta, genera o a veces hasta decreta, es performativo, <em>agenciante<\/em>, es decir, transforma nuestro vivir y a nosotrandando. mos r y a nosotrforma. rma. aros personaliza.).anera&#8230; .<\/p><p>va ente o algo que respira. vo para gustar de xs mismxs. Entre procesos de reflexi\u00f3n que desarrollaremos, la invitaci\u00f3n es a preguntarnos que conversaciones traen las im\u00e1genes m\u00e1s all\u00e1 de sus fronteras. Curar aquellas de nuestra vida cotidiana es andar en la aventura de un lenguaje otro entre todxs; es ejercer un compromiso tanto en esas que se\u00f1alamos como de las que apartamos nuestra mirada. Interrogarse sobre las contorsiones emocionales que nos producen. Esas emocionalidades vivas que circulan entre la distancia de conexi\u00f3n que protagonizamos con ellas. Sobre cu\u00e1les elegimos para expresarnos y cu\u00e1les producimos o nos resuenan entre las que vemos, cada vez que las traemos para s\u00ed o para dirigirlas a otrxs.<\/p><p>Y sobre todo, c\u00f3mo escuchar o tocar eso qu\u00e9 nos dice cada imagen mientras nos dice otras cosas adentro de s\u00ed misma. Exploraremos andando.<\/p><p>\u00a0<\/p>\t\t\t\t\t<\/div>\n\t\t\t\t\t\t<\/div>\n\t\t\t\t<\/div>\n\t\t\t\t\t\t<\/div>\n\t\t\t\t\t<\/div>\n\t\t<\/div>\n\t\t\t\t\t\t\t\t<\/div>\n\t\t\t\t\t<\/div>\n\t\t<\/section>\n\t\t\t\t<section class=\"elementor-section elementor-top-section elementor-element elementor-element-89b34a4 elementor-section-boxed elementor-section-height-default elementor-section-height-default\" data-id=\"89b34a4\" data-element_type=\"section\">\n\t\t\t\t\t\t<div class=\"elementor-container elementor-column-gap-default\">\n\t\t\t\t\t\t\t<div class=\"elementor-row\">\n\t\t\t\t\t<div class=\"aux-parallax-section elementor-column elementor-col-100 elementor-top-column elementor-element elementor-element-c571839\" data-id=\"c571839\" data-element_type=\"column\">\n\t\t\t<div class=\"elementor-column-wrap elementor-element-populated\">\n\t\t\t\t\t\t\t<div class=\"elementor-widget-wrap\">\n\t\t\t\t\t\t<div class=\"elementor-element elementor-element-2981e2c elementor-widget elementor-widget-spacer\" data-id=\"2981e2c\" data-element_type=\"widget\" data-widget_type=\"spacer.default\">\n\t\t\t\t<div class=\"elementor-widget-container\">\n\t\t\t\t\t<div class=\"elementor-spacer\">\n\t\t\t<div class=\"elementor-spacer-inner\"><\/div>\n\t\t<\/div>\n\t\t\t\t<\/div>\n\t\t\t\t<\/div>\n\t\t\t\t\t\t<\/div>\n\t\t\t\t\t<\/div>\n\t\t<\/div>\n\t\t\t\t\t\t\t\t<\/div>\n\t\t\t\t\t<\/div>\n\t\t<\/section>\n\t\t\t\t<section class=\"elementor-section elementor-top-section elementor-element elementor-element-f871b36 elementor-section-boxed elementor-section-height-default elementor-section-height-default\" data-id=\"f871b36\" data-element_type=\"section\">\n\t\t\t\t\t\t<div class=\"elementor-container elementor-column-gap-default\">\n\t\t\t\t\t\t\t<div class=\"elementor-row\">\n\t\t\t\t\t<div class=\"aux-parallax-section elementor-column elementor-col-100 elementor-top-column elementor-element elementor-element-41c4885\" data-id=\"41c4885\" data-element_type=\"column\">\n\t\t\t<div class=\"elementor-column-wrap elementor-element-populated\">\n\t\t\t\t\t\t\t<div class=\"elementor-widget-wrap\">\n\t\t\t\t\t\t<div class=\"elementor-element elementor-element-deb900c elementor-widget elementor-widget-image\" data-id=\"deb900c\" data-element_type=\"widget\" data-widget_type=\"image.default\">\n\t\t\t\t<div class=\"elementor-widget-container\">\n\t\t\t\t\t\t\t\t<div class=\"elementor-image\">\n\t\t\t\t\t\t\t\t\t\t\t\t<img loading=\"lazy\" decoding=\"async\" width=\"750\" height=\"748\" src=\"https:\/\/interculturalidadeinfancias.com.ar\/wp-content\/uploads\/2021\/05\/TatooBenjaminAitala.jpeg\" class=\"attachment-large size-large wp-image-1325\" alt=\"\" srcset=\"https:\/\/interculturalidadeinfancias.com.ar\/wp-content\/uploads\/2021\/05\/TatooBenjaminAitala.jpeg 750w, https:\/\/interculturalidadeinfancias.com.ar\/wp-content\/uploads\/2021\/05\/TatooBenjaminAitala-300x300.jpeg 300w, https:\/\/interculturalidadeinfancias.com.ar\/wp-content\/uploads\/2021\/05\/TatooBenjaminAitala-150x150.jpeg 150w\" sizes=\"auto, (max-width: 750px) 100vw, 750px\" \/>\t\t\t\t\t\t\t\t\t\t\t\t\t\t<\/div>\n\t\t\t\t\t\t<\/div>\n\t\t\t\t<\/div>\n\t\t\t\t\t\t<\/div>\n\t\t\t\t\t<\/div>\n\t\t<\/div>\n\t\t\t\t\t\t\t\t<\/div>\n\t\t\t\t\t<\/div>\n\t\t<\/section>\n\t\t\t\t<section class=\"elementor-section elementor-top-section elementor-element elementor-element-1a65119 elementor-section-boxed elementor-section-height-default elementor-section-height-default\" data-id=\"1a65119\" data-element_type=\"section\">\n\t\t\t\t\t\t<div class=\"elementor-container elementor-column-gap-default\">\n\t\t\t\t\t\t\t<div class=\"elementor-row\">\n\t\t\t\t\t<div class=\"aux-parallax-section elementor-column elementor-col-100 elementor-top-column elementor-element elementor-element-b54e595\" data-id=\"b54e595\" data-element_type=\"column\">\n\t\t\t<div class=\"elementor-column-wrap elementor-element-populated\">\n\t\t\t\t\t\t\t<div class=\"elementor-widget-wrap\">\n\t\t\t\t\t\t<div class=\"elementor-element elementor-element-bb4a5a2 elementor-widget elementor-widget-text-editor\" data-id=\"bb4a5a2\" data-element_type=\"widget\" data-widget_type=\"text-editor.default\">\n\t\t\t\t<div class=\"elementor-widget-container\">\n\t\t\t\t\t\t\t\t<div class=\"elementor-text-editor elementor-clearfix\">\n\t\t\t\t<h6><em>Tatoo de @benjamin_aitala y Luciana Bricka<\/em><\/h6><hr \/><h6><em>Mientras mis ojos ruedan en instagram, esta imagen detiene a la velocidad con la que veo, tanto como a los pensamientos que van rodando al mismo ritmo. Quiero quedarme ah\u00ed por unos instantes m\u00e1s. Siento una emoci\u00f3n sin nombre que me hace bien. Entonces se va organizando el espacio, las formas, los tonos que percibo, los cuerpos, el juego. Pienso en el tiempo dedicado a la imaginaci\u00f3n en un presente continuo inolvidable para quienes se entregan a la aventura de crear. <\/em><\/h6><h6><em>\u2026Un momento de una tarde, una foto de entrecasa\u201d, dice Benjam\u00edn. En ella interesa menos si es la prueba anticipada de la futura labor adulta de lx ni\u00f1x que dibuja, que una habilitaci\u00f3n generosa a su acci\u00f3n de creaci\u00f3n. De un transcurrir en compa\u00f1\u00eda atenta y participante. <\/em><\/h6><h6>\u00a0<\/h6>\t\t\t\t\t<\/div>\n\t\t\t\t\t\t<\/div>\n\t\t\t\t<\/div>\n\t\t\t\t\t\t<\/div>\n\t\t\t\t\t<\/div>\n\t\t<\/div>\n\t\t\t\t\t\t\t\t<\/div>\n\t\t\t\t\t<\/div>\n\t\t<\/section>\n\t\t\t\t\t\t\t\t\t<\/div>\n\t\t\t<\/div>\n\t\t\t\t\t<\/div>\n\t\t","protected":false},"excerpt":{"rendered":"<p>Queremos indagar en las im\u00e1genes que nos abren preguntas, que nos animan al riesgo de mover lo confirmado que nos rige, presupuestos, prejuicios, modos de hacer v\u00ednculo entre adultxs y ni\u00f1xs. Curando nos proponemos, ensayar formas para oradar piedras visuales, respirar la inestabilidad presente en cada mirada, ver que abrigo \u201cestacional\u201d viste a ciertas im\u00e1genes, provocar conversaciones desde\/entre ellas.<\/p>\n","protected":false},"author":3,"featured_media":1325,"comment_status":"open","ping_status":"open","sticky":false,"template":"","format":"standard","meta":{"om_disable_all_campaigns":false,"_monsterinsights_skip_tracking":false,"_monsterinsights_sitenote_active":false,"_monsterinsights_sitenote_note":"","_monsterinsights_sitenote_category":0,"footnotes":""},"categories":[70,73,74,72,71],"tags":[],"class_list":["post-1323","post","type-post","status-publish","format-standard","has-post-thumbnail","hentry","category-cultura-visual","category-curaduria","category-estudios-culturales","category-imagenes","category-mediacion-artistica"],"aioseo_notices":[],"_links":{"self":[{"href":"https:\/\/interculturalidadeinfancias.com.ar\/index.php?rest_route=\/wp\/v2\/posts\/1323","targetHints":{"allow":["GET"]}}],"collection":[{"href":"https:\/\/interculturalidadeinfancias.com.ar\/index.php?rest_route=\/wp\/v2\/posts"}],"about":[{"href":"https:\/\/interculturalidadeinfancias.com.ar\/index.php?rest_route=\/wp\/v2\/types\/post"}],"author":[{"embeddable":true,"href":"https:\/\/interculturalidadeinfancias.com.ar\/index.php?rest_route=\/wp\/v2\/users\/3"}],"replies":[{"embeddable":true,"href":"https:\/\/interculturalidadeinfancias.com.ar\/index.php?rest_route=%2Fwp%2Fv2%2Fcomments&post=1323"}],"version-history":[{"count":49,"href":"https:\/\/interculturalidadeinfancias.com.ar\/index.php?rest_route=\/wp\/v2\/posts\/1323\/revisions"}],"predecessor-version":[{"id":3429,"href":"https:\/\/interculturalidadeinfancias.com.ar\/index.php?rest_route=\/wp\/v2\/posts\/1323\/revisions\/3429"}],"wp:featuredmedia":[{"embeddable":true,"href":"https:\/\/interculturalidadeinfancias.com.ar\/index.php?rest_route=\/wp\/v2\/media\/1325"}],"wp:attachment":[{"href":"https:\/\/interculturalidadeinfancias.com.ar\/index.php?rest_route=%2Fwp%2Fv2%2Fmedia&parent=1323"}],"wp:term":[{"taxonomy":"category","embeddable":true,"href":"https:\/\/interculturalidadeinfancias.com.ar\/index.php?rest_route=%2Fwp%2Fv2%2Fcategories&post=1323"},{"taxonomy":"post_tag","embeddable":true,"href":"https:\/\/interculturalidadeinfancias.com.ar\/index.php?rest_route=%2Fwp%2Fv2%2Ftags&post=1323"}],"curies":[{"name":"wp","href":"https:\/\/api.w.org\/{rel}","templated":true}]}}