{"id":4637,"date":"2025-03-14T17:42:31","date_gmt":"2025-03-14T17:42:31","guid":{"rendered":"https:\/\/interculturalidadeinfancias.com.ar\/?p=4637"},"modified":"2025-03-14T17:46:50","modified_gmt":"2025-03-14T17:46:50","slug":"elementor-4637","status":"publish","type":"post","link":"https:\/\/interculturalidadeinfancias.com.ar\/?p=4637","title":{"rendered":"Escuelas de frontera"},"content":{"rendered":"\t\t<div data-elementor-type=\"wp-post\" data-elementor-id=\"4637\" class=\"elementor elementor-4637\">\n\t\t\t\t\t\t<div class=\"elementor-inner\">\n\t\t\t\t<div class=\"elementor-section-wrap\">\n\t\t\t\t\t\t\t\t\t<section class=\"elementor-section elementor-top-section elementor-element elementor-element-378a7cf elementor-section-boxed elementor-section-height-default elementor-section-height-default\" data-id=\"378a7cf\" data-element_type=\"section\">\n\t\t\t\t\t\t<div class=\"elementor-container elementor-column-gap-default\">\n\t\t\t\t\t\t\t<div class=\"elementor-row\">\n\t\t\t\t\t<div class=\"aux-parallax-section elementor-column elementor-col-100 elementor-top-column elementor-element elementor-element-808df1b\" data-id=\"808df1b\" data-element_type=\"column\">\n\t\t\t<div class=\"elementor-column-wrap elementor-element-populated\">\n\t\t\t\t\t\t\t<div class=\"elementor-widget-wrap\">\n\t\t\t\t\t\t<div class=\"elementor-element elementor-element-4d0f5a4 elementor-widget elementor-widget-text-editor\" data-id=\"4d0f5a4\" data-element_type=\"widget\" data-widget_type=\"text-editor.default\">\n\t\t\t\t<div class=\"elementor-widget-container\">\n\t\t\t\t\t\t\t\t<div class=\"elementor-text-editor elementor-clearfix\">\n\t\t\t\t<p>En los bordes de la Patria, desborda un pluriverso de identidades, un intercambio cultural, un encuentro de infancias diversas mientras los maestrxs construyen escenarios para hacer efectivo el derecho a la educaci\u00f3n. <br \/>Gracias Prof. Javier Rodas y nuestro abrazo a esa querida Escuela misionera y a todas las que defienden los derechos de lxs ni\u00f1xs cada d\u00eda.<\/p>\t\t\t\t\t<\/div>\n\t\t\t\t\t\t<\/div>\n\t\t\t\t<\/div>\n\t\t\t\t\t\t<\/div>\n\t\t\t\t\t<\/div>\n\t\t<\/div>\n\t\t\t\t\t\t\t\t<\/div>\n\t\t\t\t\t<\/div>\n\t\t<\/section>\n\t\t\t\t<section class=\"elementor-section elementor-top-section elementor-element elementor-element-6a5336e elementor-section-boxed elementor-section-height-default elementor-section-height-default\" data-id=\"6a5336e\" data-element_type=\"section\">\n\t\t\t\t\t\t<div class=\"elementor-container elementor-column-gap-default\">\n\t\t\t\t\t\t\t<div class=\"elementor-row\">\n\t\t\t\t\t<div class=\"aux-parallax-section elementor-column elementor-col-100 elementor-top-column elementor-element elementor-element-19a3cd6\" data-id=\"19a3cd6\" data-element_type=\"column\">\n\t\t\t<div class=\"elementor-column-wrap elementor-element-populated\">\n\t\t\t\t\t\t\t<div class=\"elementor-widget-wrap\">\n\t\t\t\t\t\t<div class=\"elementor-element elementor-element-afacd89 elementor-widget-divider--view-line elementor-widget elementor-widget-divider\" data-id=\"afacd89\" data-element_type=\"widget\" data-widget_type=\"divider.default\">\n\t\t\t\t<div class=\"elementor-widget-container\">\n\t\t\t\t\t<div class=\"elementor-divider\">\n\t\t\t<span class=\"elementor-divider-separator\">\n\t\t\t\t\t\t<\/span>\n\t\t<\/div>\n\t\t\t\t<\/div>\n\t\t\t\t<\/div>\n\t\t\t\t\t\t<\/div>\n\t\t\t\t\t<\/div>\n\t\t<\/div>\n\t\t\t\t\t\t\t\t<\/div>\n\t\t\t\t\t<\/div>\n\t\t<\/section>\n\t\t\t\t<section class=\"elementor-section elementor-top-section elementor-element elementor-element-02d405d elementor-section-boxed elementor-section-height-default elementor-section-height-default\" data-id=\"02d405d\" data-element_type=\"section\">\n\t\t\t\t\t\t<div class=\"elementor-container elementor-column-gap-default\">\n\t\t\t\t\t\t\t<div class=\"elementor-row\">\n\t\t\t\t\t<div class=\"aux-parallax-section elementor-column elementor-col-100 elementor-top-column elementor-element elementor-element-6c23679\" data-id=\"6c23679\" data-element_type=\"column\">\n\t\t\t<div class=\"elementor-column-wrap elementor-element-populated\">\n\t\t\t\t\t\t\t<div class=\"elementor-widget-wrap\">\n\t\t\t\t\t\t<div class=\"elementor-element elementor-element-44d164d elementor-widget elementor-widget-text-editor\" data-id=\"44d164d\" data-element_type=\"widget\" data-widget_type=\"text-editor.default\">\n\t\t\t\t<div class=\"elementor-widget-container\">\n\t\t\t\t\t\t\t\t<div class=\"elementor-text-editor elementor-clearfix\">\n\t\t\t\t<p>Cada 14 de marzo se conmemora el D\u00eda de las Escuelas de Frontera. La fecha coincide con la promulgaci\u00f3n de la Ley 19.524 del a\u00f1o 1972 y del Decreto 1531 referido a la educaci\u00f3n en las zonas y \u00e1reas de frontera. La celebraci\u00f3n tiene la finalidad de destacar el trabajo de los docentes en zonas complejas. La provincia cuenta con 47 establecimientos de frontera.<\/p><p>La celebraci\u00f3n fue instituida con la intenci\u00f3n de exaltar la ardua labor y el fuerte compromiso con el que trabajan d\u00eda a d\u00eda los y las Docentes de las Escuelas de Frontera. En Misiones, existen 47 establecimientos de frontera. Est\u00e1n distribuidos en Puerto Iguaz\u00fa, Bernardo de Irigoyen, Panamb\u00ed, San Javier, Campo Viera y General Alvear. Tambi\u00e9n en Colonia Aurora, Pto. Londero, Alba Posse, Dos de Mayo, Garuhap\u00e9, San Vicente, San Pedro, Ober\u00e1, Ap\u00f3stoles y Concepci\u00f3n de la Sierra. Se le suman las escuelas de San Mart\u00edn, Santa Mar\u00eda, Montecarlo, Puerto Esperanza, San Antonio, Eldorado, Pozo Azul, El Soberbio, Alem y Posadas.<\/p><p>La realidad de los establecimientos ubicados en zonas de frontera pueden ser tan dis\u00edmiles entre s\u00ed y respecto de los situados en ciudades o zonas rurales. El personal docente que los conforma, a veces integrado s\u00f3lo por una maestra o maestro, puede cumplir numerosas y diferentes funciones. La organizaci\u00f3n y normativa dispuestas para estos colegios deben adoptar caracter\u00edsticas especiales y una aplicaci\u00f3n flexible.Forjar la cultura<br \/>Actualmente, las Escuelas de Frontera incluyen en sus contenidos una impronta capaz de forjar en quienes all\u00ed se educan una conciencia de integraci\u00f3n regional y respeto por las diferentes formas de cultura que emergen en zonas de frontera. A su vez, esta iniciativa busca incluir una perspectiva latinoamericana que resalte la conciencia de ser parte de una misma regi\u00f3n.<\/p><p>Las Escuelas de Frontera son quiz\u00e1s el m\u00e1s claro ejemplo del sacrificio, la apertura y respeto por la diversidad cultural. Que estas escuelas hayan sido reconocidas e integradas al Sistema Educativo Nacional, no fue ni m\u00e1s ni menos que la aceptaci\u00f3n y actualizaci\u00f3n de los renovados desaf\u00edos que presentar\u00e1 siempre la realidad educativa.As\u00ed, la conmemoraci\u00f3n de la fecha en que fue sancionada esta ley refresca la memoria sobre los infinitos retos educativos. Los mismos llevan a que, tanto la comunidad docente como a los organismos del Estado, est\u00e9n a la debida altura para responder y resolverlos.<\/p>\t\t\t\t\t<\/div>\n\t\t\t\t\t\t<\/div>\n\t\t\t\t<\/div>\n\t\t\t\t\t\t<\/div>\n\t\t\t\t\t<\/div>\n\t\t<\/div>\n\t\t\t\t\t\t\t\t<\/div>\n\t\t\t\t\t<\/div>\n\t\t<\/section>\n\t\t\t\t<section class=\"elementor-section elementor-top-section elementor-element elementor-element-b746e88 elementor-section-boxed elementor-section-height-default elementor-section-height-default\" data-id=\"b746e88\" data-element_type=\"section\">\n\t\t\t\t\t\t<div class=\"elementor-container elementor-column-gap-default\">\n\t\t\t\t\t\t\t<div class=\"elementor-row\">\n\t\t\t\t\t<div class=\"aux-parallax-section elementor-column elementor-col-66 elementor-top-column elementor-element elementor-element-2fd83fb\" data-id=\"2fd83fb\" data-element_type=\"column\">\n\t\t\t<div class=\"elementor-column-wrap\">\n\t\t\t\t\t\t\t<div class=\"elementor-widget-wrap\">\n\t\t\t\t\t\t\t\t<\/div>\n\t\t\t\t\t<\/div>\n\t\t<\/div>\n\t\t\t\t<div class=\"aux-parallax-section elementor-column elementor-col-33 elementor-top-column elementor-element elementor-element-c0d0260\" data-id=\"c0d0260\" data-element_type=\"column\">\n\t\t\t<div class=\"elementor-column-wrap elementor-element-populated\">\n\t\t\t\t\t\t\t<div class=\"elementor-widget-wrap\">\n\t\t\t\t\t\t<div class=\"elementor-element elementor-element-dd81eb9 elementor-widget elementor-widget-text-editor\" data-id=\"dd81eb9\" data-element_type=\"widget\" data-widget_type=\"text-editor.default\">\n\t\t\t\t<div class=\"elementor-widget-container\">\n\t\t\t\t\t\t\t\t<div class=\"elementor-text-editor elementor-clearfix\">\n\t\t\t\t<p>Autor: Javier Rodas<\/p>\t\t\t\t\t<\/div>\n\t\t\t\t\t\t<\/div>\n\t\t\t\t<\/div>\n\t\t\t\t\t\t<\/div>\n\t\t\t\t\t<\/div>\n\t\t<\/div>\n\t\t\t\t\t\t\t\t<\/div>\n\t\t\t\t\t<\/div>\n\t\t<\/section>\n\t\t\t\t\t\t\t\t\t<\/div>\n\t\t\t<\/div>\n\t\t\t\t\t<\/div>\n\t\t","protected":false},"excerpt":{"rendered":"<p>En los bordes de la Patria, desborda un pluriverso de identidades, un intercambio cultural, un encuentro de infancias diversas mientras los maestrxs construyen escenarios para hacer efectivo el derecho a la educaci\u00f3n. Gracias Prof. Javier Rodas y nuestro abrazo a esa querida Escuela misionera y a todas las que defienden los derechos de lxs ni\u00f1xs [&hellip;]<\/p>\n","protected":false},"author":1,"featured_media":4639,"comment_status":"open","ping_status":"open","sticky":false,"template":"","format":"standard","meta":{"om_disable_all_campaigns":false,"_monsterinsights_skip_tracking":false,"_monsterinsights_sitenote_active":false,"_monsterinsights_sitenote_note":"","_monsterinsights_sitenote_category":0,"footnotes":""},"categories":[1],"tags":[],"class_list":["post-4637","post","type-post","status-publish","format-standard","has-post-thumbnail","hentry","category-sin-categoria"],"aioseo_notices":[],"_links":{"self":[{"href":"https:\/\/interculturalidadeinfancias.com.ar\/index.php?rest_route=\/wp\/v2\/posts\/4637","targetHints":{"allow":["GET"]}}],"collection":[{"href":"https:\/\/interculturalidadeinfancias.com.ar\/index.php?rest_route=\/wp\/v2\/posts"}],"about":[{"href":"https:\/\/interculturalidadeinfancias.com.ar\/index.php?rest_route=\/wp\/v2\/types\/post"}],"author":[{"embeddable":true,"href":"https:\/\/interculturalidadeinfancias.com.ar\/index.php?rest_route=\/wp\/v2\/users\/1"}],"replies":[{"embeddable":true,"href":"https:\/\/interculturalidadeinfancias.com.ar\/index.php?rest_route=%2Fwp%2Fv2%2Fcomments&post=4637"}],"version-history":[{"count":10,"href":"https:\/\/interculturalidadeinfancias.com.ar\/index.php?rest_route=\/wp\/v2\/posts\/4637\/revisions"}],"predecessor-version":[{"id":4648,"href":"https:\/\/interculturalidadeinfancias.com.ar\/index.php?rest_route=\/wp\/v2\/posts\/4637\/revisions\/4648"}],"wp:featuredmedia":[{"embeddable":true,"href":"https:\/\/interculturalidadeinfancias.com.ar\/index.php?rest_route=\/wp\/v2\/media\/4639"}],"wp:attachment":[{"href":"https:\/\/interculturalidadeinfancias.com.ar\/index.php?rest_route=%2Fwp%2Fv2%2Fmedia&parent=4637"}],"wp:term":[{"taxonomy":"category","embeddable":true,"href":"https:\/\/interculturalidadeinfancias.com.ar\/index.php?rest_route=%2Fwp%2Fv2%2Fcategories&post=4637"},{"taxonomy":"post_tag","embeddable":true,"href":"https:\/\/interculturalidadeinfancias.com.ar\/index.php?rest_route=%2Fwp%2Fv2%2Ftags&post=4637"}],"curies":[{"name":"wp","href":"https:\/\/api.w.org\/{rel}","templated":true}]}}