{"id":4771,"date":"2025-08-28T02:19:01","date_gmt":"2025-08-28T02:19:01","guid":{"rendered":"https:\/\/interculturalidadeinfancias.com.ar\/?p=4771"},"modified":"2025-08-28T02:20:02","modified_gmt":"2025-08-28T02:20:02","slug":"ninez-trans","status":"publish","type":"post","link":"https:\/\/interculturalidadeinfancias.com.ar\/?p=4771","title":{"rendered":"Ni\u00f1ez trans"},"content":{"rendered":"\t\t<div data-elementor-type=\"wp-post\" data-elementor-id=\"4771\" class=\"elementor elementor-4771\">\n\t\t\t\t\t\t<div class=\"elementor-inner\">\n\t\t\t\t<div class=\"elementor-section-wrap\">\n\t\t\t\t\t\t\t\t\t<section class=\"elementor-section elementor-top-section elementor-element elementor-element-bcadf54 elementor-section-boxed elementor-section-height-default elementor-section-height-default\" data-id=\"bcadf54\" data-element_type=\"section\">\n\t\t\t\t\t\t<div class=\"elementor-container elementor-column-gap-default\">\n\t\t\t\t\t\t\t<div class=\"elementor-row\">\n\t\t\t\t\t<div class=\"aux-parallax-section elementor-column elementor-col-100 elementor-top-column elementor-element elementor-element-3cbbe14\" data-id=\"3cbbe14\" data-element_type=\"column\">\n\t\t\t<div class=\"elementor-column-wrap elementor-element-populated\">\n\t\t\t\t\t\t\t<div class=\"elementor-widget-wrap\">\n\t\t\t\t\t\t<div class=\"elementor-element elementor-element-f4f8b6a elementor-widget elementor-widget-text-editor\" data-id=\"f4f8b6a\" data-element_type=\"widget\" data-widget_type=\"text-editor.default\">\n\t\t\t\t<div class=\"elementor-widget-container\">\n\t\t\t\t\t\t\t\t<div class=\"elementor-text-editor elementor-clearfix\">\n\t\t\t\t<p>Ni\u00f1ez trans<br \/>Valeria Pavan (comp.)<br \/>Ed. UNGS<\/p><p><br \/>Este libro brinda testimonio sobre las experiencias y alternativas que acompa\u00f1aron el in\u00e9dito caso del reconocimiento legal de una ni\u00f1a trans de cinco a\u00f1os de edad llamada Luana. Presenta, por un lado, una mirada pol\u00edtica e institucional para mostrar la importancia de reconocerse y darse a conocer como instrumento para alcanzar derechos y muestra que, en el recorrido que llev\u00f3 a Luana a tener un documento de identidad con su nombre y su g\u00e9nero, fueron fundamentales las pol\u00edticas p\u00fablicas y la actuaci\u00f3n de los organismos del Estado responsables de su implementaci\u00f3n. Por otro lado, es el relato de una experiencia que constituye un antecedente para que otras familias con situaciones asimilables puedan reconocerse y las ayude a elegir y construir sus propios recorridos. Y, especialmente, el conjunto de art\u00edculos compilados en este volumen sirve para que la sociedad revise y discuta algunas ideas, conceptos y construcciones alrededor de temas de g\u00e9nero, identidad y sexualidad.<\/p>\t\t\t\t\t<\/div>\n\t\t\t\t\t\t<\/div>\n\t\t\t\t<\/div>\n\t\t\t\t\t\t<\/div>\n\t\t\t\t\t<\/div>\n\t\t<\/div>\n\t\t\t\t\t\t\t\t<\/div>\n\t\t\t\t\t<\/div>\n\t\t<\/section>\n\t\t\t\t\t\t\t\t\t<\/div>\n\t\t\t<\/div>\n\t\t\t\t\t<\/div>\n\t\t","protected":false},"excerpt":{"rendered":"<p>Ni\u00f1ez transValeria Pavan (comp.)Ed. UNGS Este libro brinda testimonio sobre las experiencias y alternativas que acompa\u00f1aron el in\u00e9dito caso del reconocimiento legal de una ni\u00f1a trans de cinco a\u00f1os de edad llamada Luana. Presenta, por un lado, una mirada pol\u00edtica e institucional para mostrar la importancia de reconocerse y darse a conocer como instrumento para [&hellip;]<\/p>\n","protected":false},"author":1,"featured_media":4773,"comment_status":"open","ping_status":"open","sticky":false,"template":"","format":"standard","meta":{"om_disable_all_campaigns":false,"_monsterinsights_skip_tracking":false,"_monsterinsights_sitenote_active":false,"_monsterinsights_sitenote_note":"","_monsterinsights_sitenote_category":0,"footnotes":""},"categories":[1],"tags":[],"class_list":["post-4771","post","type-post","status-publish","format-standard","has-post-thumbnail","hentry","category-sin-categoria"],"aioseo_notices":[],"_links":{"self":[{"href":"https:\/\/interculturalidadeinfancias.com.ar\/index.php?rest_route=\/wp\/v2\/posts\/4771","targetHints":{"allow":["GET"]}}],"collection":[{"href":"https:\/\/interculturalidadeinfancias.com.ar\/index.php?rest_route=\/wp\/v2\/posts"}],"about":[{"href":"https:\/\/interculturalidadeinfancias.com.ar\/index.php?rest_route=\/wp\/v2\/types\/post"}],"author":[{"embeddable":true,"href":"https:\/\/interculturalidadeinfancias.com.ar\/index.php?rest_route=\/wp\/v2\/users\/1"}],"replies":[{"embeddable":true,"href":"https:\/\/interculturalidadeinfancias.com.ar\/index.php?rest_route=%2Fwp%2Fv2%2Fcomments&post=4771"}],"version-history":[{"count":4,"href":"https:\/\/interculturalidadeinfancias.com.ar\/index.php?rest_route=\/wp\/v2\/posts\/4771\/revisions"}],"predecessor-version":[{"id":4776,"href":"https:\/\/interculturalidadeinfancias.com.ar\/index.php?rest_route=\/wp\/v2\/posts\/4771\/revisions\/4776"}],"wp:featuredmedia":[{"embeddable":true,"href":"https:\/\/interculturalidadeinfancias.com.ar\/index.php?rest_route=\/wp\/v2\/media\/4773"}],"wp:attachment":[{"href":"https:\/\/interculturalidadeinfancias.com.ar\/index.php?rest_route=%2Fwp%2Fv2%2Fmedia&parent=4771"}],"wp:term":[{"taxonomy":"category","embeddable":true,"href":"https:\/\/interculturalidadeinfancias.com.ar\/index.php?rest_route=%2Fwp%2Fv2%2Fcategories&post=4771"},{"taxonomy":"post_tag","embeddable":true,"href":"https:\/\/interculturalidadeinfancias.com.ar\/index.php?rest_route=%2Fwp%2Fv2%2Ftags&post=4771"}],"curies":[{"name":"wp","href":"https:\/\/api.w.org\/{rel}","templated":true}]}}