{"id":4777,"date":"2025-08-28T02:21:18","date_gmt":"2025-08-28T02:21:18","guid":{"rendered":"https:\/\/interculturalidadeinfancias.com.ar\/?p=4777"},"modified":"2025-08-28T02:22:10","modified_gmt":"2025-08-28T02:22:10","slug":"didactica-de-la-musica-en-el-nivel-inicial","status":"publish","type":"post","link":"https:\/\/interculturalidadeinfancias.com.ar\/?p=4777","title":{"rendered":"Did\u00e1ctica de la m\u00fasica en el Nivel Inicial"},"content":{"rendered":"\t\t<div data-elementor-type=\"wp-post\" data-elementor-id=\"4777\" class=\"elementor elementor-4777\">\n\t\t\t\t\t\t<div class=\"elementor-inner\">\n\t\t\t\t<div class=\"elementor-section-wrap\">\n\t\t\t\t\t\t\t\t\t<section class=\"elementor-section elementor-top-section elementor-element elementor-element-f52dfc5 elementor-section-boxed elementor-section-height-default elementor-section-height-default\" data-id=\"f52dfc5\" data-element_type=\"section\">\n\t\t\t\t\t\t<div class=\"elementor-container elementor-column-gap-default\">\n\t\t\t\t\t\t\t<div class=\"elementor-row\">\n\t\t\t\t\t<div class=\"aux-parallax-section elementor-column elementor-col-100 elementor-top-column elementor-element elementor-element-a4bfb05\" data-id=\"a4bfb05\" data-element_type=\"column\">\n\t\t\t<div class=\"elementor-column-wrap elementor-element-populated\">\n\t\t\t\t\t\t\t<div class=\"elementor-widget-wrap\">\n\t\t\t\t\t\t<div class=\"elementor-element elementor-element-04e5bee elementor-widget elementor-widget-text-editor\" data-id=\"04e5bee\" data-element_type=\"widget\" data-widget_type=\"text-editor.default\">\n\t\t\t\t<div class=\"elementor-widget-container\">\n\t\t\t\t\t\t\t\t<div class=\"elementor-text-editor elementor-clearfix\">\n\t\t\t\t<p>\u201cDid\u00e1ctica de la m\u00fasica en el Nivel Inicial\u201d es un libro destinado a docentes y profesores de m\u00fasica.<\/p><p>Partiendo de un marco te\u00f3rico que sustenta la importancia y los aportes de la educaci\u00f3n musical dentro del nivel, las autoras, Silvina Mairet y Karina Malvicini, realizan un an\u00e1lisis de los distintos ejes que se tienen en cuenta al planificar una clase de m\u00fasica: el canto, la exploraci\u00f3n sonora, la audici\u00f3n participativa y el movimiento.<\/p><p>Para ello, presentan secuencias de actividades con ni\u00f1os de 2 a 5 a\u00f1os, de Argentina y Espa\u00f1a, donde muestran de qu\u00e9 manera todos estos elementos se interrelacionan y confluyen dando sentido a las propuestas did\u00e1cticas, entendiendo que \u201ceste abordaje, nos posibilita ir incorporando en cada encuentro elementos nuevos, relacionar lo aprendido, y articularlo con lo ya trabajado, manteniendo la expectativa, la sorpresa y el disfrute\u201d.<\/p><p>Por otra parte, desarrollan cada uno de los ejes mencionados ofreciendo a modo de ejemplo, numerosas actividades para poder realizar dentro del aula y as\u00ed repensar la pr\u00e1ctica docente y seguir desarrollando el \u00e1rea de la educaci\u00f3n musical.<\/p>\t\t\t\t\t<\/div>\n\t\t\t\t\t\t<\/div>\n\t\t\t\t<\/div>\n\t\t\t\t\t\t<\/div>\n\t\t\t\t\t<\/div>\n\t\t<\/div>\n\t\t\t\t\t\t\t\t<\/div>\n\t\t\t\t\t<\/div>\n\t\t<\/section>\n\t\t\t\t<section class=\"elementor-section elementor-top-section elementor-element elementor-element-3d1a512 elementor-section-boxed elementor-section-height-default elementor-section-height-default\" data-id=\"3d1a512\" data-element_type=\"section\">\n\t\t\t\t\t\t<div class=\"elementor-container elementor-column-gap-default\">\n\t\t\t\t\t\t\t<div class=\"elementor-row\">\n\t\t\t\t\t<div class=\"aux-parallax-section elementor-column elementor-col-66 elementor-top-column elementor-element elementor-element-4fba5c6\" data-id=\"4fba5c6\" data-element_type=\"column\">\n\t\t\t<div class=\"elementor-column-wrap\">\n\t\t\t\t\t\t\t<div class=\"elementor-widget-wrap\">\n\t\t\t\t\t\t\t\t<\/div>\n\t\t\t\t\t<\/div>\n\t\t<\/div>\n\t\t\t\t<div class=\"aux-parallax-section elementor-column elementor-col-33 elementor-top-column elementor-element elementor-element-93514c4\" data-id=\"93514c4\" data-element_type=\"column\">\n\t\t\t<div class=\"elementor-column-wrap elementor-element-populated\">\n\t\t\t\t\t\t\t<div class=\"elementor-widget-wrap\">\n\t\t\t\t\t\t<div class=\"elementor-element elementor-element-4cc3e8d elementor-widget elementor-widget-text-editor\" data-id=\"4cc3e8d\" data-element_type=\"widget\" data-widget_type=\"text-editor.default\">\n\t\t\t\t<div class=\"elementor-widget-container\">\n\t\t\t\t\t\t\t\t<div class=\"elementor-text-editor elementor-clearfix\">\n\t\t\t\t<p><blockquote class=\"wp-embedded-content\" data-secret=\"Yfw2VojZoq\"><a href=\"https:\/\/karinamalvicini.com\/libros\/\">LIBROS<\/a><\/blockquote><iframe loading=\"lazy\" class=\"wp-embedded-content\" sandbox=\"allow-scripts\" security=\"restricted\" style=\"position: absolute; clip: rect(1px, 1px, 1px, 1px);\" title=\"\u00abLIBROS\u00bb \u2014 Karina Malvicini\" src=\"https:\/\/karinamalvicini.com\/libros\/embed\/#?secret=qCvVyvLsW3#?secret=Yfw2VojZoq\" data-secret=\"Yfw2VojZoq\" width=\"500\" height=\"282\" frameborder=\"0\" marginwidth=\"0\" marginheight=\"0\" scrolling=\"no\"><\/iframe><\/p>\t\t\t\t\t<\/div>\n\t\t\t\t\t\t<\/div>\n\t\t\t\t<\/div>\n\t\t\t\t\t\t<\/div>\n\t\t\t\t\t<\/div>\n\t\t<\/div>\n\t\t\t\t\t\t\t\t<\/div>\n\t\t\t\t\t<\/div>\n\t\t<\/section>\n\t\t\t\t\t\t\t\t\t<\/div>\n\t\t\t<\/div>\n\t\t\t\t\t<\/div>\n\t\t","protected":false},"excerpt":{"rendered":"<p>\u201cDid\u00e1ctica de la m\u00fasica en el Nivel Inicial\u201d es un libro destinado a docentes y profesores de m\u00fasica. Partiendo de un marco te\u00f3rico que sustenta la importancia y los aportes de la educaci\u00f3n musical dentro del nivel, las autoras, Silvina Mairet y Karina Malvicini, realizan un an\u00e1lisis de los distintos ejes que se tienen en [&hellip;]<\/p>\n","protected":false},"author":1,"featured_media":4779,"comment_status":"open","ping_status":"open","sticky":false,"template":"","format":"standard","meta":{"om_disable_all_campaigns":false,"_monsterinsights_skip_tracking":false,"_monsterinsights_sitenote_active":false,"_monsterinsights_sitenote_note":"","_monsterinsights_sitenote_category":0,"footnotes":""},"categories":[1],"tags":[],"class_list":["post-4777","post","type-post","status-publish","format-standard","has-post-thumbnail","hentry","category-sin-categoria"],"aioseo_notices":[],"_links":{"self":[{"href":"https:\/\/interculturalidadeinfancias.com.ar\/index.php?rest_route=\/wp\/v2\/posts\/4777","targetHints":{"allow":["GET"]}}],"collection":[{"href":"https:\/\/interculturalidadeinfancias.com.ar\/index.php?rest_route=\/wp\/v2\/posts"}],"about":[{"href":"https:\/\/interculturalidadeinfancias.com.ar\/index.php?rest_route=\/wp\/v2\/types\/post"}],"author":[{"embeddable":true,"href":"https:\/\/interculturalidadeinfancias.com.ar\/index.php?rest_route=\/wp\/v2\/users\/1"}],"replies":[{"embeddable":true,"href":"https:\/\/interculturalidadeinfancias.com.ar\/index.php?rest_route=%2Fwp%2Fv2%2Fcomments&post=4777"}],"version-history":[{"count":4,"href":"https:\/\/interculturalidadeinfancias.com.ar\/index.php?rest_route=\/wp\/v2\/posts\/4777\/revisions"}],"predecessor-version":[{"id":4782,"href":"https:\/\/interculturalidadeinfancias.com.ar\/index.php?rest_route=\/wp\/v2\/posts\/4777\/revisions\/4782"}],"wp:featuredmedia":[{"embeddable":true,"href":"https:\/\/interculturalidadeinfancias.com.ar\/index.php?rest_route=\/wp\/v2\/media\/4779"}],"wp:attachment":[{"href":"https:\/\/interculturalidadeinfancias.com.ar\/index.php?rest_route=%2Fwp%2Fv2%2Fmedia&parent=4777"}],"wp:term":[{"taxonomy":"category","embeddable":true,"href":"https:\/\/interculturalidadeinfancias.com.ar\/index.php?rest_route=%2Fwp%2Fv2%2Fcategories&post=4777"},{"taxonomy":"post_tag","embeddable":true,"href":"https:\/\/interculturalidadeinfancias.com.ar\/index.php?rest_route=%2Fwp%2Fv2%2Ftags&post=4777"}],"curies":[{"name":"wp","href":"https:\/\/api.w.org\/{rel}","templated":true}]}}