{"id":4783,"date":"2025-08-28T02:22:38","date_gmt":"2025-08-28T02:22:38","guid":{"rendered":"https:\/\/interculturalidadeinfancias.com.ar\/?p=4783"},"modified":"2025-08-28T02:23:44","modified_gmt":"2025-08-28T02:23:44","slug":"raiz-de-nino","status":"publish","type":"post","link":"https:\/\/interculturalidadeinfancias.com.ar\/?p=4783","title":{"rendered":"Ra\u00edz de ni\u00f1o"},"content":{"rendered":"\t\t<div data-elementor-type=\"wp-post\" data-elementor-id=\"4783\" class=\"elementor elementor-4783\">\n\t\t\t\t\t\t<div class=\"elementor-inner\">\n\t\t\t\t<div class=\"elementor-section-wrap\">\n\t\t\t\t\t\t\t\t\t<section class=\"elementor-section elementor-top-section elementor-element elementor-element-9b0d326 elementor-section-boxed elementor-section-height-default elementor-section-height-default\" data-id=\"9b0d326\" data-element_type=\"section\">\n\t\t\t\t\t\t<div class=\"elementor-container elementor-column-gap-default\">\n\t\t\t\t\t\t\t<div class=\"elementor-row\">\n\t\t\t\t\t<div class=\"aux-parallax-section elementor-column elementor-col-100 elementor-top-column elementor-element elementor-element-a50c048\" data-id=\"a50c048\" data-element_type=\"column\">\n\t\t\t<div class=\"elementor-column-wrap elementor-element-populated\">\n\t\t\t\t\t\t\t<div class=\"elementor-widget-wrap\">\n\t\t\t\t\t\t<div class=\"elementor-element elementor-element-0600455 elementor-widget elementor-widget-text-editor\" data-id=\"0600455\" data-element_type=\"widget\" data-widget_type=\"text-editor.default\">\n\t\t\t\t<div class=\"elementor-widget-container\">\n\t\t\t\t\t\t\t\t<div class=\"elementor-text-editor elementor-clearfix\">\n\t\t\t\t<p>Ra\u00edz de ni\u00f1o<br \/>M\u00fasicas del sur para crecer<br \/>Por Karina Malvicini y Nora Sarmoria<br \/>Ra\u00edz de ni\u00f1o \/ m\u00fasicas del sur para crecer es un libro-disco para educadores musicales y docentes con canciones creadas sobre once g\u00e9neros folkl\u00f3ricos sudamericanos, compuestas y versionadas por Nora Sarmoria a las que se suman numerosas propuestas did\u00e1cticas y relatos de experiencias realizados por Karina Malvicini, para plantear el abordaje del repertorio musical con ni\u00f1os de dos a doce a\u00f1os desde la exploraci\u00f3n, la creaci\u00f3n, el descubrimiento, el disfrute, el compromiso y la reflexi\u00f3n.<br \/>En cada una de las obras, se presentan actividades tanto para los m\u00e1s peque\u00f1os como los m\u00e1s grandes. Invitamos, de este modo, a abrir el juego para que cada maestro pueda tomar aquello que est\u00e9 m\u00e1s cercano a los intereses y habilidades de sus alumnos. La m\u00fasica, se constituye de esta manera en mediadora de significados, de apertura y posibilidad, de sensibilidad y emoci\u00f3n, de subjetividad e identidad.<\/p><p>\u201cHacer con libertad la m\u00fasica es lo m\u00e1s sincero que uno tiene para dar. Habilitar un espacio donde el maestro est\u00e9 atento a escuchar, atender y entender los lenguajes de la infancia es nuestro desaf\u00edo.\u201d<br \/>Las autoras<\/p>\t\t\t\t\t<\/div>\n\t\t\t\t\t\t<\/div>\n\t\t\t\t<\/div>\n\t\t\t\t\t\t<\/div>\n\t\t\t\t\t<\/div>\n\t\t<\/div>\n\t\t\t\t\t\t\t\t<\/div>\n\t\t\t\t\t<\/div>\n\t\t<\/section>\n\t\t\t\t<section class=\"elementor-section elementor-top-section elementor-element elementor-element-c589960 elementor-section-boxed elementor-section-height-default elementor-section-height-default\" data-id=\"c589960\" data-element_type=\"section\">\n\t\t\t\t\t\t<div class=\"elementor-container elementor-column-gap-default\">\n\t\t\t\t\t\t\t<div class=\"elementor-row\">\n\t\t\t\t\t<div class=\"aux-parallax-section elementor-column elementor-col-66 elementor-top-column elementor-element elementor-element-a843ca7\" data-id=\"a843ca7\" data-element_type=\"column\">\n\t\t\t<div class=\"elementor-column-wrap\">\n\t\t\t\t\t\t\t<div class=\"elementor-widget-wrap\">\n\t\t\t\t\t\t\t\t<\/div>\n\t\t\t\t\t<\/div>\n\t\t<\/div>\n\t\t\t\t<div class=\"aux-parallax-section elementor-column elementor-col-33 elementor-top-column elementor-element elementor-element-193f811\" data-id=\"193f811\" data-element_type=\"column\">\n\t\t\t<div class=\"elementor-column-wrap elementor-element-populated\">\n\t\t\t\t\t\t\t<div class=\"elementor-widget-wrap\">\n\t\t\t\t\t\t<div class=\"elementor-element elementor-element-f1e1e69 elementor-widget elementor-widget-text-editor\" data-id=\"f1e1e69\" data-element_type=\"widget\" data-widget_type=\"text-editor.default\">\n\t\t\t\t<div class=\"elementor-widget-container\">\n\t\t\t\t\t\t\t\t<div class=\"elementor-text-editor elementor-clearfix\">\n\t\t\t\t<p><blockquote class=\"wp-embedded-content\" data-secret=\"RXSrwcPhQx\"><a href=\"https:\/\/karinamalvicini.com\/libros\/\">LIBROS<\/a><\/blockquote><iframe loading=\"lazy\" class=\"wp-embedded-content\" sandbox=\"allow-scripts\" security=\"restricted\" style=\"position: absolute; clip: rect(1px, 1px, 1px, 1px);\" title=\"\u00abLIBROS\u00bb \u2014 Karina Malvicini\" src=\"https:\/\/karinamalvicini.com\/libros\/embed\/#?secret=3l4zUTGH7S#?secret=RXSrwcPhQx\" data-secret=\"RXSrwcPhQx\" width=\"500\" height=\"282\" frameborder=\"0\" marginwidth=\"0\" marginheight=\"0\" scrolling=\"no\"><\/iframe><\/p>\t\t\t\t\t<\/div>\n\t\t\t\t\t\t<\/div>\n\t\t\t\t<\/div>\n\t\t\t\t\t\t<\/div>\n\t\t\t\t\t<\/div>\n\t\t<\/div>\n\t\t\t\t\t\t\t\t<\/div>\n\t\t\t\t\t<\/div>\n\t\t<\/section>\n\t\t\t\t\t\t\t\t\t<\/div>\n\t\t\t<\/div>\n\t\t\t\t\t<\/div>\n\t\t","protected":false},"excerpt":{"rendered":"<p>Ra\u00edz de ni\u00f1oM\u00fasicas del sur para crecerPor Karina Malvicini y Nora SarmoriaRa\u00edz de ni\u00f1o \/ m\u00fasicas del sur para crecer es un libro-disco para educadores musicales y docentes con canciones creadas sobre once g\u00e9neros folkl\u00f3ricos sudamericanos, compuestas y versionadas por Nora Sarmoria a las que se suman numerosas propuestas did\u00e1cticas y relatos de experiencias realizados [&hellip;]<\/p>\n","protected":false},"author":1,"featured_media":4785,"comment_status":"open","ping_status":"open","sticky":false,"template":"","format":"standard","meta":{"om_disable_all_campaigns":false,"_monsterinsights_skip_tracking":false,"_monsterinsights_sitenote_active":false,"_monsterinsights_sitenote_note":"","_monsterinsights_sitenote_category":0,"footnotes":""},"categories":[1],"tags":[],"class_list":["post-4783","post","type-post","status-publish","format-standard","has-post-thumbnail","hentry","category-sin-categoria"],"aioseo_notices":[],"_links":{"self":[{"href":"https:\/\/interculturalidadeinfancias.com.ar\/index.php?rest_route=\/wp\/v2\/posts\/4783","targetHints":{"allow":["GET"]}}],"collection":[{"href":"https:\/\/interculturalidadeinfancias.com.ar\/index.php?rest_route=\/wp\/v2\/posts"}],"about":[{"href":"https:\/\/interculturalidadeinfancias.com.ar\/index.php?rest_route=\/wp\/v2\/types\/post"}],"author":[{"embeddable":true,"href":"https:\/\/interculturalidadeinfancias.com.ar\/index.php?rest_route=\/wp\/v2\/users\/1"}],"replies":[{"embeddable":true,"href":"https:\/\/interculturalidadeinfancias.com.ar\/index.php?rest_route=%2Fwp%2Fv2%2Fcomments&post=4783"}],"version-history":[{"count":4,"href":"https:\/\/interculturalidadeinfancias.com.ar\/index.php?rest_route=\/wp\/v2\/posts\/4783\/revisions"}],"predecessor-version":[{"id":4788,"href":"https:\/\/interculturalidadeinfancias.com.ar\/index.php?rest_route=\/wp\/v2\/posts\/4783\/revisions\/4788"}],"wp:featuredmedia":[{"embeddable":true,"href":"https:\/\/interculturalidadeinfancias.com.ar\/index.php?rest_route=\/wp\/v2\/media\/4785"}],"wp:attachment":[{"href":"https:\/\/interculturalidadeinfancias.com.ar\/index.php?rest_route=%2Fwp%2Fv2%2Fmedia&parent=4783"}],"wp:term":[{"taxonomy":"category","embeddable":true,"href":"https:\/\/interculturalidadeinfancias.com.ar\/index.php?rest_route=%2Fwp%2Fv2%2Fcategories&post=4783"},{"taxonomy":"post_tag","embeddable":true,"href":"https:\/\/interculturalidadeinfancias.com.ar\/index.php?rest_route=%2Fwp%2Fv2%2Ftags&post=4783"}],"curies":[{"name":"wp","href":"https:\/\/api.w.org\/{rel}","templated":true}]}}