{"id":4789,"date":"2025-08-28T02:24:58","date_gmt":"2025-08-28T02:24:58","guid":{"rendered":"https:\/\/interculturalidadeinfancias.com.ar\/?p=4789"},"modified":"2025-08-28T02:26:21","modified_gmt":"2025-08-28T02:26:21","slug":"cuidadoso","status":"publish","type":"post","link":"https:\/\/interculturalidadeinfancias.com.ar\/?p=4789","title":{"rendered":"Cuidadoso"},"content":{"rendered":"\t\t<div data-elementor-type=\"wp-post\" data-elementor-id=\"4789\" class=\"elementor elementor-4789\">\n\t\t\t\t\t\t<div class=\"elementor-inner\">\n\t\t\t\t<div class=\"elementor-section-wrap\">\n\t\t\t\t\t\t\t\t\t<section class=\"elementor-section elementor-top-section elementor-element elementor-element-bee99b8 elementor-section-boxed elementor-section-height-default elementor-section-height-default\" data-id=\"bee99b8\" data-element_type=\"section\">\n\t\t\t\t\t\t<div class=\"elementor-container elementor-column-gap-default\">\n\t\t\t\t\t\t\t<div class=\"elementor-row\">\n\t\t\t\t\t<div class=\"aux-parallax-section elementor-column elementor-col-100 elementor-top-column elementor-element elementor-element-7ae362f\" data-id=\"7ae362f\" data-element_type=\"column\">\n\t\t\t<div class=\"elementor-column-wrap elementor-element-populated\">\n\t\t\t\t\t\t\t<div class=\"elementor-widget-wrap\">\n\t\t\t\t\t\t<div class=\"elementor-element elementor-element-38c63f6 elementor-widget elementor-widget-text-editor\" data-id=\"38c63f6\" data-element_type=\"widget\" data-widget_type=\"text-editor.default\">\n\t\t\t\t<div class=\"elementor-widget-container\">\n\t\t\t\t\t\t\t\t<div class=\"elementor-text-editor elementor-clearfix\">\n\t\t\t\t<p>CUIDADOSO | JAL<br \/>Cuidar implica un conjunto de desaf\u00edos diversos. Realmente no existen recetas universales efectivas, porque para definir c\u00f3mo cuidar es necesario, primero, identificar las necesidades singulares de cada ni\u00f1a y de cada ni\u00f1o. Por eso, en la trama de los v\u00ednculos es que se construyen y se tejen los cuidados hacia el otro.<\/p><p>Sin embargo, la Psicolog\u00eda -entre otras disciplinas- nos ha aportado un potente cuerpo de teor\u00edas, investigaciones y experiencias que permiten pensar en ciertos ejes que podr\u00edan ser transversales y comunes a las funciones de cuidado hacia las ni\u00f1as y los ni\u00f1os. A partir de esas contribuciones, y desde mi experiencia y lectura personal, quiero compartir y proponer lo que llamo las \u201ccoordenadas OSO\u201d, que son ejes que agrupan algunas sugerencias para quienes cuidan de ni\u00f1as y ni\u00f1os peque\u00f1os<\/p>\t\t\t\t\t<\/div>\n\t\t\t\t\t\t<\/div>\n\t\t\t\t<\/div>\n\t\t\t\t\t\t<\/div>\n\t\t\t\t\t<\/div>\n\t\t<\/div>\n\t\t\t\t\t\t\t\t<\/div>\n\t\t\t\t\t<\/div>\n\t\t<\/section>\n\t\t\t\t<section class=\"elementor-section elementor-top-section elementor-element elementor-element-2403503 elementor-section-boxed elementor-section-height-default elementor-section-height-default\" data-id=\"2403503\" data-element_type=\"section\">\n\t\t\t\t\t\t<div class=\"elementor-container elementor-column-gap-default\">\n\t\t\t\t\t\t\t<div class=\"elementor-row\">\n\t\t\t\t\t<div class=\"aux-parallax-section elementor-column elementor-col-66 elementor-top-column elementor-element elementor-element-18da40c\" data-id=\"18da40c\" data-element_type=\"column\">\n\t\t\t<div class=\"elementor-column-wrap\">\n\t\t\t\t\t\t\t<div class=\"elementor-widget-wrap\">\n\t\t\t\t\t\t\t\t<\/div>\n\t\t\t\t\t<\/div>\n\t\t<\/div>\n\t\t\t\t<div class=\"aux-parallax-section elementor-column elementor-col-33 elementor-top-column elementor-element elementor-element-f2a7efb\" data-id=\"f2a7efb\" data-element_type=\"column\">\n\t\t\t<div class=\"elementor-column-wrap elementor-element-populated\">\n\t\t\t\t\t\t\t<div class=\"elementor-widget-wrap\">\n\t\t\t\t\t\t<div class=\"elementor-element elementor-element-d14a48f elementor-widget elementor-widget-text-editor\" data-id=\"d14a48f\" data-element_type=\"widget\" data-widget_type=\"text-editor.default\">\n\t\t\t\t<div class=\"elementor-widget-container\">\n\t\t\t\t\t\t\t\t<div class=\"elementor-text-editor elementor-clearfix\">\n\t\t\t\t<p>https:\/\/www.jal.com.ar\/<\/p>\t\t\t\t\t<\/div>\n\t\t\t\t\t\t<\/div>\n\t\t\t\t<\/div>\n\t\t\t\t\t\t<\/div>\n\t\t\t\t\t<\/div>\n\t\t<\/div>\n\t\t\t\t\t\t\t\t<\/div>\n\t\t\t\t\t<\/div>\n\t\t<\/section>\n\t\t\t\t\t\t\t\t\t<\/div>\n\t\t\t<\/div>\n\t\t\t\t\t<\/div>\n\t\t","protected":false},"excerpt":{"rendered":"<p>CUIDADOSO | JALCuidar implica un conjunto de desaf\u00edos diversos. Realmente no existen recetas universales efectivas, porque para definir c\u00f3mo cuidar es necesario, primero, identificar las necesidades singulares de cada ni\u00f1a y de cada ni\u00f1o. Por eso, en la trama de los v\u00ednculos es que se construyen y se tejen los cuidados hacia el otro. Sin [&hellip;]<\/p>\n","protected":false},"author":1,"featured_media":4792,"comment_status":"open","ping_status":"open","sticky":false,"template":"","format":"standard","meta":{"om_disable_all_campaigns":false,"_monsterinsights_skip_tracking":false,"_monsterinsights_sitenote_active":false,"_monsterinsights_sitenote_note":"","_monsterinsights_sitenote_category":0,"footnotes":""},"categories":[1],"tags":[],"class_list":["post-4789","post","type-post","status-publish","format-standard","has-post-thumbnail","hentry","category-sin-categoria"],"aioseo_notices":[],"_links":{"self":[{"href":"https:\/\/interculturalidadeinfancias.com.ar\/index.php?rest_route=\/wp\/v2\/posts\/4789","targetHints":{"allow":["GET"]}}],"collection":[{"href":"https:\/\/interculturalidadeinfancias.com.ar\/index.php?rest_route=\/wp\/v2\/posts"}],"about":[{"href":"https:\/\/interculturalidadeinfancias.com.ar\/index.php?rest_route=\/wp\/v2\/types\/post"}],"author":[{"embeddable":true,"href":"https:\/\/interculturalidadeinfancias.com.ar\/index.php?rest_route=\/wp\/v2\/users\/1"}],"replies":[{"embeddable":true,"href":"https:\/\/interculturalidadeinfancias.com.ar\/index.php?rest_route=%2Fwp%2Fv2%2Fcomments&post=4789"}],"version-history":[{"count":4,"href":"https:\/\/interculturalidadeinfancias.com.ar\/index.php?rest_route=\/wp\/v2\/posts\/4789\/revisions"}],"predecessor-version":[{"id":4795,"href":"https:\/\/interculturalidadeinfancias.com.ar\/index.php?rest_route=\/wp\/v2\/posts\/4789\/revisions\/4795"}],"wp:featuredmedia":[{"embeddable":true,"href":"https:\/\/interculturalidadeinfancias.com.ar\/index.php?rest_route=\/wp\/v2\/media\/4792"}],"wp:attachment":[{"href":"https:\/\/interculturalidadeinfancias.com.ar\/index.php?rest_route=%2Fwp%2Fv2%2Fmedia&parent=4789"}],"wp:term":[{"taxonomy":"category","embeddable":true,"href":"https:\/\/interculturalidadeinfancias.com.ar\/index.php?rest_route=%2Fwp%2Fv2%2Fcategories&post=4789"},{"taxonomy":"post_tag","embeddable":true,"href":"https:\/\/interculturalidadeinfancias.com.ar\/index.php?rest_route=%2Fwp%2Fv2%2Ftags&post=4789"}],"curies":[{"name":"wp","href":"https:\/\/api.w.org\/{rel}","templated":true}]}}