{"id":4797,"date":"2025-08-28T02:26:50","date_gmt":"2025-08-28T02:26:50","guid":{"rendered":"https:\/\/interculturalidadeinfancias.com.ar\/?p=4797"},"modified":"2025-08-28T02:27:31","modified_gmt":"2025-08-28T02:27:31","slug":"titiritera-de-utopias","status":"publish","type":"post","link":"https:\/\/interculturalidadeinfancias.com.ar\/?p=4797","title":{"rendered":"TITIRITERA DE UTOPIAS"},"content":{"rendered":"\t\t<div data-elementor-type=\"wp-post\" data-elementor-id=\"4797\" class=\"elementor elementor-4797\">\n\t\t\t\t\t\t<div class=\"elementor-inner\">\n\t\t\t\t<div class=\"elementor-section-wrap\">\n\t\t\t\t\t\t\t\t\t<section class=\"elementor-section elementor-top-section elementor-element elementor-element-3a7b687 elementor-section-boxed elementor-section-height-default elementor-section-height-default\" data-id=\"3a7b687\" data-element_type=\"section\">\n\t\t\t\t\t\t<div class=\"elementor-container elementor-column-gap-default\">\n\t\t\t\t\t\t\t<div class=\"elementor-row\">\n\t\t\t\t\t<div class=\"aux-parallax-section elementor-column elementor-col-100 elementor-top-column elementor-element elementor-element-eb88932\" data-id=\"eb88932\" data-element_type=\"column\">\n\t\t\t<div class=\"elementor-column-wrap elementor-element-populated\">\n\t\t\t\t\t\t\t<div class=\"elementor-widget-wrap\">\n\t\t\t\t\t\t<div class=\"elementor-element elementor-element-9ac57bd elementor-widget elementor-widget-text-editor\" data-id=\"9ac57bd\" data-element_type=\"widget\" data-widget_type=\"text-editor.default\">\n\t\t\t\t<div class=\"elementor-widget-container\">\n\t\t\t\t\t\t\t\t<div class=\"elementor-text-editor elementor-clearfix\">\n\t\t\t\t<p>TITIRITERA DE UTOPIAS (2024) Buenos Aires, NOVEDUC. \u201cHace tiempo que redescubro y me sorprendo al ver lo que los t\u00edteres han sido, son y ser\u00e1n en mi vida: una fuente de permanente creaci\u00f3n y concreci\u00f3n de met\u00e1foras, sentimientos, textos. Personajes que nacen a veces de una sola palabra, s\u00edntesis de una idea en la que, como un ovillo, se desenroscan y se tejen sus parlamentos. Im\u00e1genes que se transforman en mu\u00f1ecos, a veces llegados de paisajes, perfumes y utop\u00edas que pueden corporizarse sin l\u00edmite en un arte tan antiguo como puro, tan vasto como cercano, tan sutil como concreto. Son ellos -siempre ellos- , los mu\u00f1ecos, quienes, desde la cuna, desde la caverna, acompa\u00f1an cada inicio. Testigos de nuestra fragilidad, de nuestro ser m\u00e1s vulnerable y so\u00f1ador, est\u00e1n all\u00ed reflejando lo que somos, nuestros sue\u00f1os pasados y actuales, lo que seremos y ya no.\u201d Les invitamos a saber m\u00e1s de esta valiosa publicaci\u00f3n en nuestra Ronda de apapachos donde transitamos -paso a paso- y sin rumbo fijo, las resonancias de este nuevo libro. Vibrar juntxs, como pasajeros de una utop\u00eda, en un di\u00e1logo con Elena Santa Cruz.<\/p>\t\t\t\t\t<\/div>\n\t\t\t\t\t\t<\/div>\n\t\t\t\t<\/div>\n\t\t\t\t\t\t<\/div>\n\t\t\t\t\t<\/div>\n\t\t<\/div>\n\t\t\t\t\t\t\t\t<\/div>\n\t\t\t\t\t<\/div>\n\t\t<\/section>\n\t\t\t\t\t\t\t\t\t<\/div>\n\t\t\t<\/div>\n\t\t\t\t\t<\/div>\n\t\t","protected":false},"excerpt":{"rendered":"<p>TITIRITERA DE UTOPIAS (2024) Buenos Aires, NOVEDUC. \u201cHace tiempo que redescubro y me sorprendo al ver lo que los t\u00edteres han sido, son y ser\u00e1n en mi vida: una fuente de permanente creaci\u00f3n y concreci\u00f3n de met\u00e1foras, sentimientos, textos. Personajes que nacen a veces de una sola palabra, s\u00edntesis de una idea en la que, [&hellip;]<\/p>\n","protected":false},"author":1,"featured_media":4799,"comment_status":"open","ping_status":"open","sticky":false,"template":"","format":"standard","meta":{"om_disable_all_campaigns":false,"_monsterinsights_skip_tracking":false,"_monsterinsights_sitenote_active":false,"_monsterinsights_sitenote_note":"","_monsterinsights_sitenote_category":0,"footnotes":""},"categories":[1],"tags":[],"class_list":["post-4797","post","type-post","status-publish","format-standard","has-post-thumbnail","hentry","category-sin-categoria"],"aioseo_notices":[],"_links":{"self":[{"href":"https:\/\/interculturalidadeinfancias.com.ar\/index.php?rest_route=\/wp\/v2\/posts\/4797","targetHints":{"allow":["GET"]}}],"collection":[{"href":"https:\/\/interculturalidadeinfancias.com.ar\/index.php?rest_route=\/wp\/v2\/posts"}],"about":[{"href":"https:\/\/interculturalidadeinfancias.com.ar\/index.php?rest_route=\/wp\/v2\/types\/post"}],"author":[{"embeddable":true,"href":"https:\/\/interculturalidadeinfancias.com.ar\/index.php?rest_route=\/wp\/v2\/users\/1"}],"replies":[{"embeddable":true,"href":"https:\/\/interculturalidadeinfancias.com.ar\/index.php?rest_route=%2Fwp%2Fv2%2Fcomments&post=4797"}],"version-history":[{"count":4,"href":"https:\/\/interculturalidadeinfancias.com.ar\/index.php?rest_route=\/wp\/v2\/posts\/4797\/revisions"}],"predecessor-version":[{"id":4802,"href":"https:\/\/interculturalidadeinfancias.com.ar\/index.php?rest_route=\/wp\/v2\/posts\/4797\/revisions\/4802"}],"wp:featuredmedia":[{"embeddable":true,"href":"https:\/\/interculturalidadeinfancias.com.ar\/index.php?rest_route=\/wp\/v2\/media\/4799"}],"wp:attachment":[{"href":"https:\/\/interculturalidadeinfancias.com.ar\/index.php?rest_route=%2Fwp%2Fv2%2Fmedia&parent=4797"}],"wp:term":[{"taxonomy":"category","embeddable":true,"href":"https:\/\/interculturalidadeinfancias.com.ar\/index.php?rest_route=%2Fwp%2Fv2%2Fcategories&post=4797"},{"taxonomy":"post_tag","embeddable":true,"href":"https:\/\/interculturalidadeinfancias.com.ar\/index.php?rest_route=%2Fwp%2Fv2%2Ftags&post=4797"}],"curies":[{"name":"wp","href":"https:\/\/api.w.org\/{rel}","templated":true}]}}